{"id":667,"date":"2024-04-09T00:12:03","date_gmt":"2024-04-09T03:12:03","guid":{"rendered":"https:\/\/unidadbasicavirtual.com\/?p=667"},"modified":"2024-04-09T00:12:04","modified_gmt":"2024-04-09T03:12:04","slug":"ubv-fue-tema-de-entrevista-en-argentinos-de-bien-por-radio-kamikaze","status":"publish","type":"post","link":"https:\/\/unidadbasicavirtual.com\/index.php\/2024\/04\/09\/ubv-fue-tema-de-entrevista-en-argentinos-de-bien-por-radio-kamikaze\/","title":{"rendered":"UBV fue tema de entrevista en &#8220;Argentinos de Bien&#8221; por Radio Kamikaze"},"content":{"rendered":"\n<p>En una cordial entrevista v\u00eda streaming con Luana Pascual, para el programa &#8220;Argentinos de bien&#8221;, Cristian y David, hablaron de los principales conceptos, origen, esencia de Unidad B\u00e1sica Virtual, el movimiento que ha despertado el inter\u00e9s de muchos compa\u00f1eros y que crece d\u00eda a d\u00eda con una gran tarea que es la militancia virtual.<\/p>\n\n\n\n<figure class=\"wp-block-image size-full\"><img decoding=\"async\" loading=\"lazy\" width=\"936\" height=\"460\" src=\"https:\/\/unidadbasicavirtual.com\/wp-content\/uploads\/2024\/04\/9-4-2024-00-10-15.jpg\" alt=\"\" class=\"wp-image-669\" srcset=\"https:\/\/unidadbasicavirtual.com\/wp-content\/uploads\/2024\/04\/9-4-2024-00-10-15.jpg 936w, https:\/\/unidadbasicavirtual.com\/wp-content\/uploads\/2024\/04\/9-4-2024-00-10-15-300x147.jpg 300w, https:\/\/unidadbasicavirtual.com\/wp-content\/uploads\/2024\/04\/9-4-2024-00-10-15-768x377.jpg 768w, https:\/\/unidadbasicavirtual.com\/wp-content\/uploads\/2024\/04\/9-4-2024-00-10-15-750x369.jpg 750w\" sizes=\"(max-width: 936px) 100vw, 936px\" \/><\/figure>\n\n\n\n<p><strong>QUE ES UBV<\/strong><br>Cristian, uno de los constructores de este proyecto cont\u00f3 que UBV &#8220;es una construcci\u00f3n digital que inici\u00f3 con 13 compa\u00f1eros que se dieron cuenta que hab\u00edamos entregado las redes sociales a muchos a\u00f1os a sectores de la oposici\u00f3n, olig\u00e1rquicos, liberales y conservadores&#8221;.<\/p>\n\n\n\n<p><strong>LOS COMIENZOS<\/strong><br>&#8220;Cuando reci\u00e9n arranc\u00e1bamos nos dijimos que \u00edbamos a tener una estructura digital donde vamos a copar todas las redes para ser el contrapunto contra este tipo de gobiernos de derecha&#8221; agreg\u00f3 Cristian.<\/p>\n\n\n\n<p>David, otro de los compa\u00f1eros gestores de UBV cont\u00f3 que &#8220;al principio nos paso que nos cuestion\u00e1bamos que eramos un mont\u00f3n por todo el pa\u00eds y que no estuvi\u00e9ramos organizados&#8221;. Y recalc\u00f3 que &#8220;nuestra m\u00e1xima es PERONIZAR EL ALGORITMO&#8221;.<br><\/p>\n\n\n\n<p><strong>COPAR LAS REDES<\/strong><br>Nosotros hicimos bases en TikTok y despu\u00e9s nos fuimos a distintas redes. Estamos con web: www.unidadbasicavirtual.com.ar, en twitter, en telegram, instagram, etc, sum\u00f3 Cristian. Y agreg\u00f3 que &#8220;cuando nosotros arrancamos en tiktok era una cantidad enorme de vivos liberales, No hab\u00eda vivos peronistas. Nosotros cambiamos la ecuaci\u00f3n.&#8221;<\/p>\n\n\n\n<p>En relaci\u00f3n a esos vivos que ahora se dan con tanta frecuencia en las redes y donde UBV ha hecho bases remarc\u00f3 que &#8220;Nosotros no podemos discutir con negacionitas, no podemos discutir con alguien que se pone contento porque otro pierde el laburo, o que est\u00e1 de acuerdo en que no hay que entregar una vacuna ante una situaci\u00f3n como la de hoy&#8221;. En el debate de ideas si tenemos otra mirada, resalt\u00f3.<\/p>\n\n\n\n<figure class=\"wp-block-embed is-type-video is-provider-youtube wp-block-embed-youtube wp-embed-aspect-4-3 wp-has-aspect-ratio\"><div class=\"wp-block-embed__wrapper\">\n<div class=\"jeg_video_container jeg_video_content\"><iframe loading=\"lazy\" title=\"[ PROGRAMA COMPLETO ] #ArgentinosDeBien 08\/04\/24 | Radio Kamikaze\" width=\"500\" height=\"375\" src=\"https:\/\/www.youtube.com\/embed\/gpwZlO-r0tc?start=6957&#038;feature=oembed\" frameborder=\"0\" allow=\"accelerometer; autoplay; clipboard-write; encrypted-media; gyroscope; picture-in-picture; web-share\" referrerpolicy=\"strict-origin-when-cross-origin\" allowfullscreen><\/iframe><\/div>\n<\/div><\/figure>\n\n\n\n<p>Por otro lado, David remarc\u00f3 que &#8220;Ellos (liberales)  juegan con un sentido de la destrucci\u00f3n. Nosotros nos identificamos con el logo de UBV. Cuando alguien vea un logo es un compa\u00f1ero, y se sienta acompa\u00f1ado, contenido, con diferencias porque las podemos tener, pero en un espacio amigo&#8221;.<\/p>\n\n\n\n<p>&#8220;Ellos est\u00e1n desesperados porque les est\u00e1n bajando las m\u00e9tricas y est\u00e1n como locos&#8221;. Destaca David.<br>Nosotros compartimos espacio con los compa\u00f1eros de Principios y Valores, con COMPA\u00d1EROS kirchneristas, con compa\u00f1eros del PJ. Es un espacio &#8220;insoportablemente &#8221; transversal, agregan ambos. &#8220;Lo que nosotros estamos queriendo llevar adelante, es el gran reservorio de todo el campo nacional y popular, y a partir de all\u00ed, ser nosotros los que tengamos la posibilidad de manejar la agenda en las redes. ya que las redes te permiten democratizar much\u00edsimo la palabra&#8221; resalta David.<\/p>\n\n\n\n<p><strong>SOBRE MILEI Y LO QUE SE VIENE<br><\/strong>En relaci\u00f3n a Milei ambos coinciden en que es una persona rota y no tiene a nadie, para cuando todo esto termine, no tiene a nadie a quien abrazar. No tiene una empat\u00eda, ni un grado de sensibilidad. No va a parar, nos va a hacer mierda. Por m\u00e1s que vea gente tirada en la calle.<\/p>\n\n\n\n<p>&#8220;La realidad va atravesar la vida de todos. Nosotros tenemos la capacidad de abrazar a todos. La derecha encontr\u00f3 las herramientas para que la gente termine nuevamente creyendo en ellos, y los van a volver a cagar, porque los cagaron siempre, y esta no va a ser la excepci\u00f3n&#8221; remarca David. Y agrega que es all\u00ed donde con much\u00edsima paciencia, tienen que ir levantando a todos los que se caigan, primero para decirles &#8220;viste que te cagaron&#8221;, y segundo para hacerles notar: &#8220;mira que ac\u00e1 hay una alternativa, con sus mas y sus menos, que nos dio la posibilidad de tener dignidad&#8221;.<\/p>\n\n\n\n<p>Hay que hacer un gran trabajo comunicacional, pol\u00edtico, social para volver a repetir errores, remarca Cristian.<\/p>\n\n\n\n<p><strong>PARTICIPACION DE LAS MUJERES EN UBV<br><\/strong>Tenemos muchas mujeres, son m\u00e1s las mujeres en UBV, que tienen voz, y toman la posta de manera en\u00e9rgica, resalta con orgullo Cristian.<\/p>\n\n\n\n<p><strong>LAS JUVENTUDES<br><\/strong>Coinciden en que es el sujeto pol\u00edtico al que ellos (LLA) le hablaron. &#8220;Nosotros perdimos los j\u00f3venes . Yo creo que en la pandemia hubo un quiebre muy grande en la juventud. Creo que el encierro en los j\u00f3venes fue algo muy violento y ah\u00ed es como que supieron desde la derecha capitalizarlo, y atraerlo con lo de la &#8220;antipol\u00edtica&#8221;, la casta, &#8220;los pol\u00edticos de mierd\u2026&#8221; justifica Cristian.<\/p>\n\n\n\n<figure class=\"wp-block-image size-large\"><img decoding=\"async\" loading=\"lazy\" width=\"1024\" height=\"530\" src=\"https:\/\/unidadbasicavirtual.com\/wp-content\/uploads\/2024\/04\/8-4-2024-23-30-15-1-1024x530.jpg\" alt=\"\" class=\"wp-image-670\" srcset=\"https:\/\/unidadbasicavirtual.com\/wp-content\/uploads\/2024\/04\/8-4-2024-23-30-15-1-1024x530.jpg 1024w, https:\/\/unidadbasicavirtual.com\/wp-content\/uploads\/2024\/04\/8-4-2024-23-30-15-1-300x155.jpg 300w, https:\/\/unidadbasicavirtual.com\/wp-content\/uploads\/2024\/04\/8-4-2024-23-30-15-1-768x397.jpg 768w, https:\/\/unidadbasicavirtual.com\/wp-content\/uploads\/2024\/04\/8-4-2024-23-30-15-1-750x388.jpg 750w, https:\/\/unidadbasicavirtual.com\/wp-content\/uploads\/2024\/04\/8-4-2024-23-30-15-1.jpg 1067w\" sizes=\"(max-width: 1024px) 100vw, 1024px\" \/><\/figure>\n\n\n\n<p>En cuanto a una de las estrategias de porque UBV se hizo fuerte, David comenta que &#8221; Haycompa\u00f1eros que tienen muchisimos seguidores. Hay tiktokes que tienen mas de 26 millones de seguidores (como el caso de Michelo), pero cuando atacan masivamente a una cuenta, te la bajan. La idea de UBV es que seamos 26 millones de compa\u00f1eros, y que si bajan una cuenta tenemos el resto de los compa\u00f1eros&#8221;.<\/p>\n\n\n\n<p>&#8220;Estamos en las redes permanentemente subiendo contenidos. Tenemos compa\u00f1eras como Dana que transmiten vivos a las 10 de la ma\u00f1ana, otra compa\u00f1era que transmite a las 3 de la tarde, otros que transmiten a las 19 horas, el central es a las 10 de de la noche. Tenemos &#8220;Formaci\u00f3n pol\u00edtica&#8221; con el profesor Lens, lunes , mi\u00e9rcoles y viernes. Los jueves tenemos &#8220;Movimiento obrero&#8221;con el compa\u00f1ero &#8220;Chapi&#8221; V\u00e1squez. Tenemos a las compa\u00f1eras de &#8220;Pol\u00edticamente organizadas&#8221; con agenda feminista. Acerca de este \u00faltimo punto, la conductora les pregunta &#8220;La agenda feminista es pianta votos?&#8221; a lo que David contesta: &#8220;Los compa\u00f1eros no tienen que tener la masculinidad fr\u00e1gil, que discutan!, las compa\u00f1eras son discutidoras&#8221;.  Y agrega que &#8220;No se perdi\u00f3 por el feminismo. Se perdi\u00f3 porque no supimos comunicar. Si en medio e una pandemia est\u00e1bamos construyendo la obra m\u00e1s importante de la historia argentina, que es el gasoducto N\u00e9stor Kirchner, y no lo supimos comunicar. Eso es lo que hay que cambiar, y lo estamos logrando&#8221; agrega.<\/p>\n","protected":false},"excerpt":{"rendered":"<p>En una cordial entrevista v\u00eda streaming con Luana Pascual, para el programa &#8220;Argentinos de bien&#8221;, Cristian y David, hablaron de los principales conceptos, origen, esencia de Unidad B\u00e1sica Virtual, el movimiento que ha despertado el inter\u00e9s de muchos compa\u00f1eros y que crece d\u00eda a d\u00eda con una gran tarea que es la militancia virtual. QUE [&hellip;]<\/p>\n","protected":false},"author":2,"featured_media":668,"comment_status":"open","ping_status":"open","sticky":false,"template":"","format":"standard","meta":{"footnotes":""},"categories":[4,3],"tags":[],"aioseo_notices":[],"_links":{"self":[{"href":"https:\/\/unidadbasicavirtual.com\/index.php\/wp-json\/wp\/v2\/posts\/667"}],"collection":[{"href":"https:\/\/unidadbasicavirtual.com\/index.php\/wp-json\/wp\/v2\/posts"}],"about":[{"href":"https:\/\/unidadbasicavirtual.com\/index.php\/wp-json\/wp\/v2\/types\/post"}],"author":[{"embeddable":true,"href":"https:\/\/unidadbasicavirtual.com\/index.php\/wp-json\/wp\/v2\/users\/2"}],"replies":[{"embeddable":true,"href":"https:\/\/unidadbasicavirtual.com\/index.php\/wp-json\/wp\/v2\/comments?post=667"}],"version-history":[{"count":1,"href":"https:\/\/unidadbasicavirtual.com\/index.php\/wp-json\/wp\/v2\/posts\/667\/revisions"}],"predecessor-version":[{"id":671,"href":"https:\/\/unidadbasicavirtual.com\/index.php\/wp-json\/wp\/v2\/posts\/667\/revisions\/671"}],"wp:featuredmedia":[{"embeddable":true,"href":"https:\/\/unidadbasicavirtual.com\/index.php\/wp-json\/wp\/v2\/media\/668"}],"wp:attachment":[{"href":"https:\/\/unidadbasicavirtual.com\/index.php\/wp-json\/wp\/v2\/media?parent=667"}],"wp:term":[{"taxonomy":"category","embeddable":true,"href":"https:\/\/unidadbasicavirtual.com\/index.php\/wp-json\/wp\/v2\/categories?post=667"},{"taxonomy":"post_tag","embeddable":true,"href":"https:\/\/unidadbasicavirtual.com\/index.php\/wp-json\/wp\/v2\/tags?post=667"}],"curies":[{"name":"wp","href":"https:\/\/api.w.org\/{rel}","templated":true}]}}