{"id":581,"date":"2024-02-17T11:38:49","date_gmt":"2024-02-17T14:38:49","guid":{"rendered":"https:\/\/unidadbasicavirtual.com\/?p=581"},"modified":"2024-02-17T11:38:49","modified_gmt":"2024-02-17T14:38:49","slug":"hacia-una-gran-concertacion-federal","status":"publish","type":"post","link":"https:\/\/unidadbasicavirtual.com\/index.php\/2024\/02\/17\/hacia-una-gran-concertacion-federal\/","title":{"rendered":"&#8220;HACIA UNA GRAN CONCERTACI\u00d3N FEDERAL&#8221;"},"content":{"rendered":"\n<p><\/p>\n\n\n\n<p>Hoy, en el cumplea\u00f1os nro. 204 de nuestra Provincia de Buenos Aires, venimos a celebrarlo, poniendo a consideraci\u00f3n de todos los bonaerenses en particular y a todos los Argentinos en general con ganas de cambiar la Argentina, una propuesta pol\u00edtica Federal y transformadora de la Naci\u00f3n.<\/p>\n\n\n\n<p>Sin diagn\u00f3sticos conocidos por todos y ante el avasallamiento de la Constituci\u00f3n Nacional por parte de quienes detentan el Poder, los militantes de la Causa Nacional y Popular tenemos un supremo derecho y un supremo deber.<\/p>\n\n\n\n<p>El derecho a ser un PUEBLO FELIZ,  no es una mera consigna.<br>No.<br>Es una necesidad de vida para asegurar una existencia con plenitud y trascendencia<\/p>\n\n\n\n<p>Y el deber como Argentinos de bien de Defender a la Patria a cada instante, no es una simple exclamaci\u00f3n chauvinista o dial\u00e9ctica nostalgiosa encaminada a perecer.<br>No.<\/p>\n\n\n\n<p>Es una firme convicci\u00f3n inyectada en el A.D.N. de quienes, eslabonados por la cadena hist\u00f3rica de las luchas populares, no nos rendimos y creemos profundamente, en nuestra posici\u00f3n libre, justa y soberana, en el Mapa pol\u00edtico mundial.<\/p>\n\n\n\n<p>Dicho esto, y atentos al desarrollo de la actual pol\u00edtica Nacional y la geopol\u00edtica que condiciona siempre el normal desenvolvimiento de las Naciones para una Humanidad plena, proponemos desde \u00e9sta rica tierra como la bonaerense, con un pueblo virtuoso y solidario, como son los bonaerenses, en el cumplea\u00f1os nro. 204 de nuestra provincia, lo siguiente:<\/p>\n\n\n\n<p>&#8220;LA GRAN CONCERTACI\u00d3N FEDERAL&#8221;<\/p>\n\n\n\n<p>Basada en:<\/p>\n\n\n\n<p>La I.M.D.F. (idea Motivadora para el D\u00edalogo Federal) que apunte desde Buenos Aires, a un gran Acuerdo Nacional o Concertaci\u00f3n Interprovincial, con el protagonismo de todos los sectores, para sacarnos de \u00e9sta verdadera crisis institucional, que trae las actuales consecuencias econ\u00f3micas, pol\u00edticas y sociales.<\/p>\n\n\n\n<p>El I.P.F.P. (Impulso y fomento de los Pactos Pre existentes) a la Constituci\u00f3n Nacional, para resolver las cuestiones de emergencia econ\u00f3mica que sufren las provincias en la actualidad, ante la vulneraci\u00f3n de la C.N. por parte de quienes detentan el poder.<\/p>\n\n\n\n<p>Instar a nuestros legisladores en el \u00f3rden nacional al P.J.P. (Promover el Juicio Pol\u00edtico) a quienes atenten contra la Ley Madre de todas las leyes como es la C.N.<\/p>\n\n\n\n<p>LA GRAN CONCERTACI\u00d3N FEDERAL SER\u00c1 UNA REALIDAD.<\/p>\n\n\n\n<p>HOY, LAS PROVINCIAS UNIDAS DE LA REP\u00daBLICA ARGENTINA, HAR\u00c1N VALER EL PESO DE LA LEY FRENTE A QUIENES PRETENDEN ATROPELLARLA.<\/p>\n\n\n\n<p>La Provincia de Buenos Aires con cada uno de sus barrios, de cada una de sus localidades, en cada uno de sus 135 Municipios, DEBE Y PUEDE IMPULSAR ESTA IDEA.<\/p>\n\n\n\n<p>LA GRAN CONCERTACI\u00d3N FEDERAL ES POSIBLE<\/p>\n\n\n\n<p>Y con una expresi\u00f3n escrita de deseo patri\u00f3tico, Ya se puso en Marcha.<\/p>\n\n\n\n<p>Waldemar Palavecino.<br>Argentino y Peronista.<br>11.02.24<\/p>\n","protected":false},"excerpt":{"rendered":"<p>Hoy, en el cumplea\u00f1os nro. 204 de nuestra Provincia de Buenos Aires, venimos a celebrarlo, poniendo a consideraci\u00f3n de todos los bonaerenses en particular y a todos los Argentinos en general con ganas de cambiar la Argentina, una propuesta pol\u00edtica Federal y transformadora de la Naci\u00f3n. Sin diagn\u00f3sticos conocidos por todos y ante el avasallamiento [&hellip;]<\/p>\n","protected":false},"author":2,"featured_media":582,"comment_status":"open","ping_status":"open","sticky":false,"template":"","format":"standard","meta":{"footnotes":""},"categories":[1,3,80],"tags":[137,15],"aioseo_notices":[],"_links":{"self":[{"href":"https:\/\/unidadbasicavirtual.com\/index.php\/wp-json\/wp\/v2\/posts\/581"}],"collection":[{"href":"https:\/\/unidadbasicavirtual.com\/index.php\/wp-json\/wp\/v2\/posts"}],"about":[{"href":"https:\/\/unidadbasicavirtual.com\/index.php\/wp-json\/wp\/v2\/types\/post"}],"author":[{"embeddable":true,"href":"https:\/\/unidadbasicavirtual.com\/index.php\/wp-json\/wp\/v2\/users\/2"}],"replies":[{"embeddable":true,"href":"https:\/\/unidadbasicavirtual.com\/index.php\/wp-json\/wp\/v2\/comments?post=581"}],"version-history":[{"count":1,"href":"https:\/\/unidadbasicavirtual.com\/index.php\/wp-json\/wp\/v2\/posts\/581\/revisions"}],"predecessor-version":[{"id":583,"href":"https:\/\/unidadbasicavirtual.com\/index.php\/wp-json\/wp\/v2\/posts\/581\/revisions\/583"}],"wp:featuredmedia":[{"embeddable":true,"href":"https:\/\/unidadbasicavirtual.com\/index.php\/wp-json\/wp\/v2\/media\/582"}],"wp:attachment":[{"href":"https:\/\/unidadbasicavirtual.com\/index.php\/wp-json\/wp\/v2\/media?parent=581"}],"wp:term":[{"taxonomy":"category","embeddable":true,"href":"https:\/\/unidadbasicavirtual.com\/index.php\/wp-json\/wp\/v2\/categories?post=581"},{"taxonomy":"post_tag","embeddable":true,"href":"https:\/\/unidadbasicavirtual.com\/index.php\/wp-json\/wp\/v2\/tags?post=581"}],"curies":[{"name":"wp","href":"https:\/\/api.w.org\/{rel}","templated":true}]}}