{"id":1893,"date":"2026-04-29T21:29:54","date_gmt":"2026-04-30T00:29:54","guid":{"rendered":"https:\/\/unidadbasicavirtual.com\/?p=1893"},"modified":"2026-04-29T21:29:55","modified_gmt":"2026-04-30T00:29:55","slug":"movimiento-en-el-peronismo-comienzan-a-perfilarse-las-estrategias-para-2027","status":"publish","type":"post","link":"https:\/\/unidadbasicavirtual.com\/index.php\/2026\/04\/29\/movimiento-en-el-peronismo-comienzan-a-perfilarse-las-estrategias-para-2027\/","title":{"rendered":"Movimiento en el peronismo: comienzan a perfilarse las estrategias para 2027"},"content":{"rendered":"\n<p><br>Por Gus Reimon<br>La ex presidenta Cristina Fern\u00e1ndez de Kirchner habr\u00eda dado se\u00f1ales de respaldo al exgobernador de San Juan, Sergio U\u00f1ac, para avanzar en la construcci\u00f3n de un proyecto pol\u00edtico con vistas a las elecciones presidenciales de 2027.<br>De acuerdo con distintos trascendidos, U\u00f1ac ya trabaja junto a un equipo de comunicaci\u00f3n y estrategia, mientras comienza a posicionarse dentro del armado nacional. En ese esquema, su nombre aparece como posible candidato a vicepresidente en una f\u00f3rmula que podr\u00eda estar encabezada por el exministro de Econom\u00eda Sergio Massa.<br>El objetivo de este sector ser\u00eda competir en unas primarias abiertas, simult\u00e1neas y obligatorias (PASO) frente al espacio que responde al gobernador bonaerense Axel Kicillof. La eventual disputa anticipa una interna de alto voltaje dentro del peronismo, con liderazgos en pugna y estrategias diferenciadas de cara a la reconfiguraci\u00f3n del espacio.<br>Aunque a\u00fan no hay definiciones formales, los movimientos iniciales reflejan que distintos actores del peronismo comienzan a activar sus estructuras pol\u00edticas y territoriales. En un escenario marcado por la fragmentaci\u00f3n y la necesidad de reconstrucci\u00f3n, el camino hacia 2027 ya empieza a delinearse con tensiones y alianzas en gestaci\u00f3n<\/p>\n\n\n\n<figure class=\"wp-block-image size-large\"><img decoding=\"async\" loading=\"lazy\" width=\"1024\" height=\"683\" src=\"https:\/\/unidadbasicavirtual.com\/wp-content\/uploads\/2026\/04\/636c0a0c-c695-47fb-9e6a-34bbe9e93244-1-1024x683.jpg\" alt=\"\" class=\"wp-image-1894\" srcset=\"https:\/\/unidadbasicavirtual.com\/wp-content\/uploads\/2026\/04\/636c0a0c-c695-47fb-9e6a-34bbe9e93244-1-1024x683.jpg 1024w, https:\/\/unidadbasicavirtual.com\/wp-content\/uploads\/2026\/04\/636c0a0c-c695-47fb-9e6a-34bbe9e93244-1-300x200.jpg 300w, https:\/\/unidadbasicavirtual.com\/wp-content\/uploads\/2026\/04\/636c0a0c-c695-47fb-9e6a-34bbe9e93244-1-768x512.jpg 768w, https:\/\/unidadbasicavirtual.com\/wp-content\/uploads\/2026\/04\/636c0a0c-c695-47fb-9e6a-34bbe9e93244-1-750x500.jpg 750w, https:\/\/unidadbasicavirtual.com\/wp-content\/uploads\/2026\/04\/636c0a0c-c695-47fb-9e6a-34bbe9e93244-1-1140x760.jpg 1140w, https:\/\/unidadbasicavirtual.com\/wp-content\/uploads\/2026\/04\/636c0a0c-c695-47fb-9e6a-34bbe9e93244-1.jpg 1536w\" sizes=\"(max-width: 1024px) 100vw, 1024px\" \/><\/figure>\n","protected":false},"excerpt":{"rendered":"<p>Por Gus ReimonLa ex presidenta Cristina Fern\u00e1ndez de Kirchner habr\u00eda dado se\u00f1ales de respaldo al exgobernador de San Juan, Sergio U\u00f1ac, para avanzar en la construcci\u00f3n de un proyecto pol\u00edtico con vistas a las elecciones presidenciales de 2027.De acuerdo con distintos trascendidos, U\u00f1ac ya trabaja junto a un equipo de comunicaci\u00f3n y estrategia, mientras comienza [&hellip;]<\/p>\n","protected":false},"author":2,"featured_media":1894,"comment_status":"open","ping_status":"open","sticky":false,"template":"","format":"standard","meta":{"footnotes":""},"categories":[1,80],"tags":[],"aioseo_notices":[],"_links":{"self":[{"href":"https:\/\/unidadbasicavirtual.com\/index.php\/wp-json\/wp\/v2\/posts\/1893"}],"collection":[{"href":"https:\/\/unidadbasicavirtual.com\/index.php\/wp-json\/wp\/v2\/posts"}],"about":[{"href":"https:\/\/unidadbasicavirtual.com\/index.php\/wp-json\/wp\/v2\/types\/post"}],"author":[{"embeddable":true,"href":"https:\/\/unidadbasicavirtual.com\/index.php\/wp-json\/wp\/v2\/users\/2"}],"replies":[{"embeddable":true,"href":"https:\/\/unidadbasicavirtual.com\/index.php\/wp-json\/wp\/v2\/comments?post=1893"}],"version-history":[{"count":1,"href":"https:\/\/unidadbasicavirtual.com\/index.php\/wp-json\/wp\/v2\/posts\/1893\/revisions"}],"predecessor-version":[{"id":1895,"href":"https:\/\/unidadbasicavirtual.com\/index.php\/wp-json\/wp\/v2\/posts\/1893\/revisions\/1895"}],"wp:featuredmedia":[{"embeddable":true,"href":"https:\/\/unidadbasicavirtual.com\/index.php\/wp-json\/wp\/v2\/media\/1894"}],"wp:attachment":[{"href":"https:\/\/unidadbasicavirtual.com\/index.php\/wp-json\/wp\/v2\/media?parent=1893"}],"wp:term":[{"taxonomy":"category","embeddable":true,"href":"https:\/\/unidadbasicavirtual.com\/index.php\/wp-json\/wp\/v2\/categories?post=1893"},{"taxonomy":"post_tag","embeddable":true,"href":"https:\/\/unidadbasicavirtual.com\/index.php\/wp-json\/wp\/v2\/tags?post=1893"}],"curies":[{"name":"wp","href":"https:\/\/api.w.org\/{rel}","templated":true}]}}