{"id":1890,"date":"2026-04-29T21:28:09","date_gmt":"2026-04-30T00:28:09","guid":{"rendered":"https:\/\/unidadbasicavirtual.com\/?p=1890"},"modified":"2026-04-29T21:28:09","modified_gmt":"2026-04-30T00:28:09","slug":"fin-de-ciclo-o-aislamiento-estrategico-el-informe-de-adorni-bajo-la-lupa","status":"publish","type":"post","link":"https:\/\/unidadbasicavirtual.com\/index.php\/2026\/04\/29\/fin-de-ciclo-o-aislamiento-estrategico-el-informe-de-adorni-bajo-la-lupa\/","title":{"rendered":"\u00bfFIN DE CICLO O AISLAMIENTO ESTRAT\u00c9GICO? EL INFORME DE ADORNI BAJO LA LUPA"},"content":{"rendered":"\n<p><br>Gus Reimon<\/p>\n\n\n\n<p>La reciente presentaci\u00f3n del Jefe de Gabinete, Manuel Adorni, en el Congreso dej\u00f3 m\u00e1s interrogantes que certezas sobre el rumbo de la gesti\u00f3n. En una jornada marcada por la tensi\u00f3n institucional, se observaron tres puntos cr\u00edticos que marcan un precedente peligroso:<br>El Silencio Oficialista: Resulta inexplicable que el bloque de La Libertad Avanza no haya realizado preguntas a su propio Jefe de Gabinete. \u00bfFalta de coordinaci\u00f3n o un s\u00edntoma de aislamiento pol\u00edtico?<br>Tensi\u00f3n de Poderes: La presencia del Ejecutivo en el recinto, con un tono confrontativo hacia los legisladores, desvirt\u00faa la naturaleza republicana de la rendici\u00f3n de cuentas.<br>La Moci\u00f3n de Censura: Amparados en la Constituci\u00f3n de 1994, diputados como Mart\u00ednez y Juliano han solicitado la remoci\u00f3n del funcionario. Un mecanismo extremo para una gesti\u00f3n que parece no hallar su eje t\u00e9cnico ni institucional.<br>En resumen: Entre el desorden econ\u00f3mico y la fragilidad parlamentaria, la Jefatura de Gabinete hoy se mostr\u00f3 como un fusible desgastado m\u00e1s que como un puente de gesti\u00f3n.<\/p>\n\n\n\n<figure class=\"wp-block-image size-full\"><img decoding=\"async\" loading=\"lazy\" width=\"1024\" height=\"1024\" src=\"https:\/\/unidadbasicavirtual.com\/wp-content\/uploads\/2026\/04\/WhatsApp-Image-2026-04-29-at-8.56.40-PM.jpeg\" alt=\"\" class=\"wp-image-1891\" srcset=\"https:\/\/unidadbasicavirtual.com\/wp-content\/uploads\/2026\/04\/WhatsApp-Image-2026-04-29-at-8.56.40-PM.jpeg 1024w, https:\/\/unidadbasicavirtual.com\/wp-content\/uploads\/2026\/04\/WhatsApp-Image-2026-04-29-at-8.56.40-PM-300x300.jpeg 300w, https:\/\/unidadbasicavirtual.com\/wp-content\/uploads\/2026\/04\/WhatsApp-Image-2026-04-29-at-8.56.40-PM-150x150.jpeg 150w, https:\/\/unidadbasicavirtual.com\/wp-content\/uploads\/2026\/04\/WhatsApp-Image-2026-04-29-at-8.56.40-PM-768x768.jpeg 768w, https:\/\/unidadbasicavirtual.com\/wp-content\/uploads\/2026\/04\/WhatsApp-Image-2026-04-29-at-8.56.40-PM-75x75.jpeg 75w, https:\/\/unidadbasicavirtual.com\/wp-content\/uploads\/2026\/04\/WhatsApp-Image-2026-04-29-at-8.56.40-PM-750x750.jpeg 750w\" sizes=\"(max-width: 1024px) 100vw, 1024px\" \/><\/figure>\n","protected":false},"excerpt":{"rendered":"<p>Gus Reimon La reciente presentaci\u00f3n del Jefe de Gabinete, Manuel Adorni, en el Congreso dej\u00f3 m\u00e1s interrogantes que certezas sobre el rumbo de la gesti\u00f3n. En una jornada marcada por la tensi\u00f3n institucional, se observaron tres puntos cr\u00edticos que marcan un precedente peligroso:El Silencio Oficialista: Resulta inexplicable que el bloque de La Libertad Avanza no [&hellip;]<\/p>\n","protected":false},"author":2,"featured_media":1891,"comment_status":"open","ping_status":"open","sticky":false,"template":"","format":"standard","meta":{"footnotes":""},"categories":[1,80],"tags":[],"aioseo_notices":[],"_links":{"self":[{"href":"https:\/\/unidadbasicavirtual.com\/index.php\/wp-json\/wp\/v2\/posts\/1890"}],"collection":[{"href":"https:\/\/unidadbasicavirtual.com\/index.php\/wp-json\/wp\/v2\/posts"}],"about":[{"href":"https:\/\/unidadbasicavirtual.com\/index.php\/wp-json\/wp\/v2\/types\/post"}],"author":[{"embeddable":true,"href":"https:\/\/unidadbasicavirtual.com\/index.php\/wp-json\/wp\/v2\/users\/2"}],"replies":[{"embeddable":true,"href":"https:\/\/unidadbasicavirtual.com\/index.php\/wp-json\/wp\/v2\/comments?post=1890"}],"version-history":[{"count":1,"href":"https:\/\/unidadbasicavirtual.com\/index.php\/wp-json\/wp\/v2\/posts\/1890\/revisions"}],"predecessor-version":[{"id":1892,"href":"https:\/\/unidadbasicavirtual.com\/index.php\/wp-json\/wp\/v2\/posts\/1890\/revisions\/1892"}],"wp:featuredmedia":[{"embeddable":true,"href":"https:\/\/unidadbasicavirtual.com\/index.php\/wp-json\/wp\/v2\/media\/1891"}],"wp:attachment":[{"href":"https:\/\/unidadbasicavirtual.com\/index.php\/wp-json\/wp\/v2\/media?parent=1890"}],"wp:term":[{"taxonomy":"category","embeddable":true,"href":"https:\/\/unidadbasicavirtual.com\/index.php\/wp-json\/wp\/v2\/categories?post=1890"},{"taxonomy":"post_tag","embeddable":true,"href":"https:\/\/unidadbasicavirtual.com\/index.php\/wp-json\/wp\/v2\/tags?post=1890"}],"curies":[{"name":"wp","href":"https:\/\/api.w.org\/{rel}","templated":true}]}}