{"id":1886,"date":"2026-04-29T11:15:24","date_gmt":"2026-04-29T14:15:24","guid":{"rendered":"https:\/\/unidadbasicavirtual.com\/?p=1886"},"modified":"2026-04-29T11:15:24","modified_gmt":"2026-04-29T14:15:24","slug":"el-rastro-de-la-nieve-mortal-oesterheld-y-el-exterminio-de-una-estirpe","status":"publish","type":"post","link":"https:\/\/unidadbasicavirtual.com\/index.php\/2026\/04\/29\/el-rastro-de-la-nieve-mortal-oesterheld-y-el-exterminio-de-una-estirpe\/","title":{"rendered":"El rastro de la nieve mortal: Oesterheld y el exterminio de una estirpe"},"content":{"rendered":"\n<p><br>Por Gus Reimon<br>El 27 de abril de 1977, la maquinaria del terrorismo de Estado en Argentina secuestr\u00f3 en La Plata a H\u00e9ctor Germ\u00e1n Oesterheld. No buscaban solo a un hombre; buscaban silenciar una cosmovisi\u00f3n. A los 57 a\u00f1os, el creador de El Eternauta fue arrojado al sistema de centros clandestinos de detenci\u00f3n, con paso confirmado por &#8220;El Vesubio&#8221;. Se presume que su asesinato ocurri\u00f3 en 1978, pero su desaparici\u00f3n fue solo el epicentro de una tragedia familiar sin precedentes en la historia criminal del pa\u00eds.<\/p>\n\n\n\n<p><br><strong>El plan sistem\u00e1tico contra una familia<br><\/strong>La represi\u00f3n contra los Oesterheld no fue un exceso; fue un programa de aniquilamiento total. El Estado argentino no solo secuestr\u00f3 al guionista, sino que persigui\u00f3 y asesin\u00f3 a sus cuatro hijas: Diana, Beatriz, Estela y Marina, junto a tres de sus yernos.<br>La crueldad alcanz\u00f3 niveles de perversi\u00f3n absoluta al ensa\u00f1arse con la descendencia: dos de sus hijas estaban embarazadas al momento de ser capturadas. El destino de esos nietos, nacidos en cautiverio, sigue siendo una herida abierta en la identidad nacional.<\/p>\n\n\n\n<p><br><strong>La peligrosidad de la palabra<br><\/strong>\u00bfPor qu\u00e9 el ensa\u00f1amiento con un escritor? Oesterheld fue perseguido por su militancia en Montoneros, pero fundamentalmente por su capacidad de dotar a la cultura popular de una conciencia pol\u00edtica ineludible.<br>El Eternauta (versi\u00f3n de 1969): Una obra profundamente politizada donde la resistencia al invasor ya no era una aventura individual, sino una gesta colectiva.<br>Vida del Che: Una biograf\u00eda gr\u00e1fica que los censores consideraron un manual de insurrecci\u00f3n.<br>Su obra no era entretenimiento; era una herramienta de an\u00e1lisis social que los dictadores comprendieron y temieron.<\/p>\n\n\n\n<p><br><strong>Un legado que no se puede enterrar<br><\/strong>Elsa S\u00e1nchez de Oesterheld, la mujer que sobrevivi\u00f3 para contarlo, se convirti\u00f3 en un pilar de Abuelas de Plaza de Mayo. Su b\u00fasqueda incansable transform\u00f3 el dolor privado en una demanda p\u00fablica por justicia que hoy, d\u00e9cadas despu\u00e9s, sigue vigente.<br>Oesterheld ya no es solo el mayor guionista de la historieta argentina; es un s\u00edmbolo universal de la resistencia cultural. Su desaparici\u00f3n f\u00edsica no logr\u00f3 el objetivo del r\u00e9gimen: la nieve del olvido no pudo cubrir su rastro.<\/p>\n\n\n\n<p><br>Hoy, la pregunta sigue siendo la misma y la exigencia no prescribe: \u00bfD\u00f3nde est\u00e1n Oesterheld, sus hijas y los nietos que a\u00fan nos faltan?<br>Memoria, Verdad y Justicia. Siempre.<\/p>\n\n\n\n<figure class=\"wp-block-image size-large\"><img decoding=\"async\" loading=\"lazy\" width=\"683\" height=\"1024\" src=\"https:\/\/unidadbasicavirtual.com\/wp-content\/uploads\/2026\/04\/WhatsApp-Image-2026-04-29-at-11.08.17-AM-1-683x1024.jpeg\" alt=\"\" class=\"wp-image-1888\" srcset=\"https:\/\/unidadbasicavirtual.com\/wp-content\/uploads\/2026\/04\/WhatsApp-Image-2026-04-29-at-11.08.17-AM-1-683x1024.jpeg 683w, https:\/\/unidadbasicavirtual.com\/wp-content\/uploads\/2026\/04\/WhatsApp-Image-2026-04-29-at-11.08.17-AM-1-200x300.jpeg 200w, https:\/\/unidadbasicavirtual.com\/wp-content\/uploads\/2026\/04\/WhatsApp-Image-2026-04-29-at-11.08.17-AM-1-768x1152.jpeg 768w, https:\/\/unidadbasicavirtual.com\/wp-content\/uploads\/2026\/04\/WhatsApp-Image-2026-04-29-at-11.08.17-AM-1-750x1125.jpeg 750w, https:\/\/unidadbasicavirtual.com\/wp-content\/uploads\/2026\/04\/WhatsApp-Image-2026-04-29-at-11.08.17-AM-1.jpeg 1024w\" sizes=\"(max-width: 683px) 100vw, 683px\" \/><\/figure>\n","protected":false},"excerpt":{"rendered":"<p>Por Gus ReimonEl 27 de abril de 1977, la maquinaria del terrorismo de Estado en Argentina secuestr\u00f3 en La Plata a H\u00e9ctor Germ\u00e1n Oesterheld. No buscaban solo a un hombre; buscaban silenciar una cosmovisi\u00f3n. A los 57 a\u00f1os, el creador de El Eternauta fue arrojado al sistema de centros clandestinos de detenci\u00f3n, con paso confirmado [&hellip;]<\/p>\n","protected":false},"author":2,"featured_media":1887,"comment_status":"open","ping_status":"open","sticky":false,"template":"","format":"standard","meta":{"footnotes":""},"categories":[1,80],"tags":[],"aioseo_notices":[],"_links":{"self":[{"href":"https:\/\/unidadbasicavirtual.com\/index.php\/wp-json\/wp\/v2\/posts\/1886"}],"collection":[{"href":"https:\/\/unidadbasicavirtual.com\/index.php\/wp-json\/wp\/v2\/posts"}],"about":[{"href":"https:\/\/unidadbasicavirtual.com\/index.php\/wp-json\/wp\/v2\/types\/post"}],"author":[{"embeddable":true,"href":"https:\/\/unidadbasicavirtual.com\/index.php\/wp-json\/wp\/v2\/users\/2"}],"replies":[{"embeddable":true,"href":"https:\/\/unidadbasicavirtual.com\/index.php\/wp-json\/wp\/v2\/comments?post=1886"}],"version-history":[{"count":1,"href":"https:\/\/unidadbasicavirtual.com\/index.php\/wp-json\/wp\/v2\/posts\/1886\/revisions"}],"predecessor-version":[{"id":1889,"href":"https:\/\/unidadbasicavirtual.com\/index.php\/wp-json\/wp\/v2\/posts\/1886\/revisions\/1889"}],"wp:featuredmedia":[{"embeddable":true,"href":"https:\/\/unidadbasicavirtual.com\/index.php\/wp-json\/wp\/v2\/media\/1887"}],"wp:attachment":[{"href":"https:\/\/unidadbasicavirtual.com\/index.php\/wp-json\/wp\/v2\/media?parent=1886"}],"wp:term":[{"taxonomy":"category","embeddable":true,"href":"https:\/\/unidadbasicavirtual.com\/index.php\/wp-json\/wp\/v2\/categories?post=1886"},{"taxonomy":"post_tag","embeddable":true,"href":"https:\/\/unidadbasicavirtual.com\/index.php\/wp-json\/wp\/v2\/tags?post=1886"}],"curies":[{"name":"wp","href":"https:\/\/api.w.org\/{rel}","templated":true}]}}