{"id":1883,"date":"2026-04-25T20:51:37","date_gmt":"2026-04-25T23:51:37","guid":{"rendered":"https:\/\/unidadbasicavirtual.com\/?p=1883"},"modified":"2026-04-25T20:51:37","modified_gmt":"2026-04-25T23:51:37","slug":"el-enviado","status":"publish","type":"post","link":"https:\/\/unidadbasicavirtual.com\/index.php\/2026\/04\/25\/el-enviado\/","title":{"rendered":"El Enviado"},"content":{"rendered":"\n<p>EL ENVIADO<br>Por Juan Carlos Lopaczuk *<br>El peligro de Dante Gebel y el \u201coutsider\u201d del peronismo.<\/p>\n\n\n\n<p>A comenzado sus apariciones en los medios de comunicaci\u00f3n argentinos un personaje que coquetea con la pol\u00edtica de nuestro pa\u00eds. Hablamos de Dante Gebel.<\/p>\n\n\n\n<p><br>El pastor argentino residente en Estados Unidos hace m\u00e1s de veinte a\u00f1os. Comienza a mostrarse y genera impacto. Desde fines del a\u00f1o pasado la idea de su candidatura presidencial sobrevuela el espectro pol\u00edtico. Y un grupo de dirigentes de variadas fuerzas decidi\u00f3 lanzar un espacio pol\u00edtico llamado &#8220;Consolidaci\u00f3n Argentina&#8221;. El cual tiene como objetivo primordial convencer a Gebel de aceptar la candidatura.<\/p>\n\n\n\n<p>Desde su aparici\u00f3n en la escena a fines de diciembre del 2025 como personaje pol\u00edtico, Gebel a comenzado una carrera por la opini\u00f3n p\u00fablica. En los primeros sondeos era un total desconocido que alcanzaba solo el 1,5 %. Con el correr de los meses escalo al 5% a mediados de febrero y en las \u00faltimas mediciones llega hasta al 9% de intenci\u00f3n de voto. Y puede que siga aumentando esa tendencia si consideramos que falta m\u00e1s de un a\u00f1o para las elecciones.<\/p>\n\n\n\n<p>Dante se presenta como alguien que asumir\u00eda la responsabilidad de gobernar a la naci\u00f3n si el pueblo y dios se lo piden. Su discurso dice ser ni de derecha ni de izquierda y que le gustar\u00eda un pa\u00eds normal. Esto se ajusta a las \u00faltimas encuestas en donde m\u00e1s del 70% de los consultados expres\u00f3 que votar\u00eda a un candidato que de centro y tenga un plan de gobierno. Gebel busca apropiarse de ese sentir nacional y plante una intenci\u00f3n de sacrificio por la patria.<\/p>\n\n\n\n<p>En la \u00faltima semana se ha intensificado su protagonismo apareciendo en entrevistas con Luis Novaresio y Pedro Rosemblat. Adem\u00e1s a mantenido reuniones con dirigentes<\/p>\n\n\n\n<p>peronistas como Llaryora Gobernador de C\u00f3rdoba y Nardini intendente bonaerense de Malvinas Argentinas. El impulso parece no detenerse y el pastor anunci\u00f3 una gira nacional. A pesar de no manifestar una intenci\u00f3n clara de candidatura, su recorrido expresa un reflejo de armado pol\u00edtico.<\/p>\n\n\n\n<p>Si nos adentramos en el plan del espacio pol\u00edtico que parece ser el sustento de campa\u00f1a de Dante. Podemos vislumbrar aspectos que son reivindicaciones del peronismo como; unidad nacional, producci\u00f3n nacional y defensa del trabajador. Varios dirigentes del pan<\/p>\n\n\n\n<p>peronismo ya le dieron su apoyo y lo ven como una alternativa.<\/p>\n\n\n\n<p>Gebel tiene v\u00ednculos estrechos con el estado de Israel y algunos lo acusan de trabajar para la CIA. En tiempos pasados oficio la asunci\u00f3n de Nayib Bukele en El Salvador y a sido visto como un posible candidato a gobernador de Javier Milei. Algo que el propio pastor expres\u00f3 recientemente.<\/p>\n\n\n\n<p>En sus \u00faltimas declaraciones el diputado Miguel Angel Pichetto expres\u00f3 su preocupaci\u00f3n por los rumores de intervenci\u00f3n del Partido Justicialista para que este pase a servir a un &#8220;pastor&#8221;. Es aqu\u00ed donde surgen los interrogantes. \u00bf Es Gebel un enviado del norte para apropiarse del peronismo? \u00bfMilei fue el &#8220;outsider&#8221; que acepto la ultraderecha , Gebel ser\u00e1 el &#8220;outsider&#8221; peronista? \u00bfEs Dante Gebel el enviado del norte para suplantar a Milei?.<\/p>\n\n\n\n<p>Preguntas que solo tendr\u00e1n respuestas en los pr\u00f3ximos meses.<\/p>\n\n\n\n<p>*Profesor de historia y periodista<br>Director del proyecto comunicacional<br>Palabra de Pueblo<\/p>\n","protected":false},"excerpt":{"rendered":"<p>EL ENVIADOPor Juan Carlos Lopaczuk *El peligro de Dante Gebel y el \u201coutsider\u201d del peronismo. A comenzado sus apariciones en los medios de comunicaci\u00f3n argentinos un personaje que coquetea con la pol\u00edtica de nuestro pa\u00eds. Hablamos de Dante Gebel. El pastor argentino residente en Estados Unidos hace m\u00e1s de veinte a\u00f1os. Comienza a mostrarse y [&hellip;]<\/p>\n","protected":false},"author":2,"featured_media":1884,"comment_status":"open","ping_status":"open","sticky":false,"template":"","format":"standard","meta":{"footnotes":""},"categories":[1,80],"tags":[],"aioseo_notices":[],"_links":{"self":[{"href":"https:\/\/unidadbasicavirtual.com\/index.php\/wp-json\/wp\/v2\/posts\/1883"}],"collection":[{"href":"https:\/\/unidadbasicavirtual.com\/index.php\/wp-json\/wp\/v2\/posts"}],"about":[{"href":"https:\/\/unidadbasicavirtual.com\/index.php\/wp-json\/wp\/v2\/types\/post"}],"author":[{"embeddable":true,"href":"https:\/\/unidadbasicavirtual.com\/index.php\/wp-json\/wp\/v2\/users\/2"}],"replies":[{"embeddable":true,"href":"https:\/\/unidadbasicavirtual.com\/index.php\/wp-json\/wp\/v2\/comments?post=1883"}],"version-history":[{"count":1,"href":"https:\/\/unidadbasicavirtual.com\/index.php\/wp-json\/wp\/v2\/posts\/1883\/revisions"}],"predecessor-version":[{"id":1885,"href":"https:\/\/unidadbasicavirtual.com\/index.php\/wp-json\/wp\/v2\/posts\/1883\/revisions\/1885"}],"wp:featuredmedia":[{"embeddable":true,"href":"https:\/\/unidadbasicavirtual.com\/index.php\/wp-json\/wp\/v2\/media\/1884"}],"wp:attachment":[{"href":"https:\/\/unidadbasicavirtual.com\/index.php\/wp-json\/wp\/v2\/media?parent=1883"}],"wp:term":[{"taxonomy":"category","embeddable":true,"href":"https:\/\/unidadbasicavirtual.com\/index.php\/wp-json\/wp\/v2\/categories?post=1883"},{"taxonomy":"post_tag","embeddable":true,"href":"https:\/\/unidadbasicavirtual.com\/index.php\/wp-json\/wp\/v2\/tags?post=1883"}],"curies":[{"name":"wp","href":"https:\/\/api.w.org\/{rel}","templated":true}]}}